{"id":15199,"date":"2021-07-06T20:22:37","date_gmt":"2021-07-06T19:22:37","guid":{"rendered":"http:\/\/www.amateurtheater-ooe.at\/?p=15199"},"modified":"2021-07-07T11:49:51","modified_gmt":"2021-07-07T10:49:51","slug":"voller-tatendrang","status":"publish","type":"post","link":"https:\/\/www.amateurtheater-ooe.at\/?p=15199","title":{"rendered":"Voller Tatendrang"},"content":{"rendered":"<p><a href=\"https:\/\/www.amateurtheater-ooe.at\/wp-content\/uploads\/2021\/07\/Klausur.jpg\"><img loading=\"lazy\" decoding=\"async\" class=\"alignleft size-medium wp-image-15198\" src=\"https:\/\/www.amateurtheater-ooe.at\/wp-content\/uploads\/2021\/07\/Klausur-300x207.jpg\" alt=\"\" width=\"300\" height=\"207\" srcset=\"https:\/\/www.amateurtheater-ooe.at\/wp-content\/uploads\/2021\/07\/Klausur-300x207.jpg 300w, https:\/\/www.amateurtheater-ooe.at\/wp-content\/uploads\/2021\/07\/Klausur-200x138.jpg 200w, https:\/\/www.amateurtheater-ooe.at\/wp-content\/uploads\/2021\/07\/Klausur.jpg 680w\" sizes=\"auto, (max-width: 300px) 100vw, 300px\" \/><\/a>3. u. 4. Juni 2021 begab sich der Vorstand vom\u00a0 Landesverband Amateurtheater O\u00d6 in Klausur nach Steyr. Nach der langen Zeit der kulturellen Abstinenz, sozialen Distanz und Unsicherheit, waren alle TeilnehmerInnen voller Tatendrang &#8211; die Ideen sprudelten nur so heraus.<\/p>\n<p>N\u00e4chstes Jahr feiern wir mit euch in allen vier Vierteln Ober\u00f6sterreichs 70 Jahr-Jubil\u00e4um des Landesverbandes. N\u00e4here Informationen folgen demn\u00e4chst \u00fcber den Newsletter und im n\u00e4chsten blick.punkt.<\/p>\n<p>Wir k\u00f6nnen es kaum erwarten, unser Publikum und euch wieder zu mobilisieren.<\/p>\n","protected":false},"excerpt":{"rendered":"<p>3. u. 4. Juni 2021 begab sich der Vorstand vom\u00a0 Landesverband Amateurtheater O\u00d6 in Klausur nach Steyr. Nach der langen Zeit der kulturellen Abstinenz, sozialen Distanz und Unsicherheit, waren alle TeilnehmerInnen voller Tatendrang &#8211; die Ideen sprudelten nur so heraus. N\u00e4chstes Jahr feiern wir mit euch in allen vier Vierteln Ober\u00f6sterreichs 70 Jahr-Jubil\u00e4um des Landesverbandes. [&hellip;]<\/p>\n","protected":false},"author":5,"featured_media":0,"comment_status":"open","ping_status":"closed","sticky":false,"template":"","format":"standard","meta":{"footnotes":""},"categories":[4],"tags":[],"class_list":["post-15199","post","type-post","status-publish","format-standard","hentry","category-leitartikel"],"_links":{"self":[{"href":"https:\/\/www.amateurtheater-ooe.at\/index.php?rest_route=\/wp\/v2\/posts\/15199","targetHints":{"allow":["GET"]}}],"collection":[{"href":"https:\/\/www.amateurtheater-ooe.at\/index.php?rest_route=\/wp\/v2\/posts"}],"about":[{"href":"https:\/\/www.amateurtheater-ooe.at\/index.php?rest_route=\/wp\/v2\/types\/post"}],"author":[{"embeddable":true,"href":"https:\/\/www.amateurtheater-ooe.at\/index.php?rest_route=\/wp\/v2\/users\/5"}],"replies":[{"embeddable":true,"href":"https:\/\/www.amateurtheater-ooe.at\/index.php?rest_route=%2Fwp%2Fv2%2Fcomments&post=15199"}],"version-history":[{"count":6,"href":"https:\/\/www.amateurtheater-ooe.at\/index.php?rest_route=\/wp\/v2\/posts\/15199\/revisions"}],"predecessor-version":[{"id":15205,"href":"https:\/\/www.amateurtheater-ooe.at\/index.php?rest_route=\/wp\/v2\/posts\/15199\/revisions\/15205"}],"wp:attachment":[{"href":"https:\/\/www.amateurtheater-ooe.at\/index.php?rest_route=%2Fwp%2Fv2%2Fmedia&parent=15199"}],"wp:term":[{"taxonomy":"category","embeddable":true,"href":"https:\/\/www.amateurtheater-ooe.at\/index.php?rest_route=%2Fwp%2Fv2%2Fcategories&post=15199"},{"taxonomy":"post_tag","embeddable":true,"href":"https:\/\/www.amateurtheater-ooe.at\/index.php?rest_route=%2Fwp%2Fv2%2Ftags&post=15199"}],"curies":[{"name":"wp","href":"https:\/\/api.w.org\/{rel}","templated":true}]}}